{"id":33071,"date":"2026-09-02T21:45:40","date_gmt":"2026-09-02T19:45:40","guid":{"rendered":"https:\/\/listafriikki.com\/?p=33071"},"modified":"2026-09-02T19:38:39","modified_gmt":"2026-09-02T17:38:39","slug":"7-faktoja-syyskuusta","status":"publish","type":"post","link":"https:\/\/listafriikki.com\/en\/yleistieto\/7-faktoja-syyskuusta\/","title":{"rendered":"Syyskuussa syntyneet el\u00e4v\u00e4t muita useammin 100-vuotiaiksi \u2013 7 faktaa syyskuusta ja syyskuun lapsista"},"content":{"rendered":"<p>Olemme juuri siirtyneet syyskuun puolelle ja samalla on alkanut syksy, joten on aika perehty\u00e4 t\u00e4h\u00e4n kuluvaan kuukauteen \u2013 luvassa on viihdett\u00e4 ja faktoja syyskuusta. Millaisia ovat syyskuussa syntyneet tieteen n\u00e4k\u00f6kulmasta, mit\u00e4 astrologia kertoo heist\u00e4 ja mist\u00e4 kuukauden nimi on per\u00e4isin?<\/p>\n<p>Kuten aiemmillakin kuukausista kertovilla listoilla, niin tiedossa on nytkin tiukkaa faktaa ja nippelitietoa, mutta niiden vastapainona muun muassa henkiel\u00e4imi\u00e4 ja syntym\u00e4kukkia.<\/p>\n<p>Jos olet syyskuussa syntynyt, niin l\u00f6yd\u00e4tk\u00f6 sin\u00e4 itsesi t\u00e4m\u00e4n listan kohdista? Jos vastasit kyll\u00e4, niin edustat syntym\u00e4kuukauttasi juuri niinkuin tieteelliset tutkimukset \u2013 ja astrologia \u2013 osoittavat.<\/p>\n<h2>Horoskooppeja ja henkiel\u00e4imi\u00e4<\/h2>\n<div id=\"attachment_25035\" style=\"width: 1010px\" class=\"wp-caption alignnone\"><img data-recalc-dims=\"1\" decoding=\"async\" aria-describedby=\"caption-attachment-25035\" class=\"wp-image-25035 size-full\" src=\"https:\/\/i0.wp.com\/listafriikki.com\/wp-content\/uploads\/2022\/09\/sudet_wikimedia.jpg?resize=740%2C444&#038;ssl=1\" alt=\"\" width=\"740\" height=\"444\" srcset=\"https:\/\/i0.wp.com\/listafriikki.com\/wp-content\/uploads\/2022\/09\/sudet_wikimedia.jpg?w=1000&amp;ssl=1 1000w, https:\/\/i0.wp.com\/listafriikki.com\/wp-content\/uploads\/2022\/09\/sudet_wikimedia.jpg?resize=500%2C300&amp;ssl=1 500w, https:\/\/i0.wp.com\/listafriikki.com\/wp-content\/uploads\/2022\/09\/sudet_wikimedia.jpg?resize=768%2C461&amp;ssl=1 768w, https:\/\/i0.wp.com\/listafriikki.com\/wp-content\/uploads\/2022\/09\/sudet_wikimedia.jpg?resize=590%2C354&amp;ssl=1 590w, https:\/\/i0.wp.com\/listafriikki.com\/wp-content\/uploads\/2022\/09\/sudet_wikimedia.jpg?resize=400%2C240&amp;ssl=1 400w\" sizes=\"(max-width: 740px) 100vw, 740px\" \/><p id=\"caption-attachment-25035\" class=\"wp-caption-text\"><a href=\"https:\/\/www.flickr.com\/photos\/raedmansour\/51095900986\/\" target=\"_blank\" rel=\"noopener\">Kuva: Raed Mansour<\/a> | <a href=\"https:\/\/creativecommons.org\/licenses\/by\/2.0\/deed.en\" target=\"_blank\" rel=\"noopener\">CC BY 2.0<\/a><\/p><\/div>\n<p>Syyskuussa 22. p\u00e4iv\u00e4\u00e4n menness\u00e4 syntyneet ovat horoskooppimerkilt\u00e4\u00e4n Neitsyit\u00e4. L\u00e4nsimaisessa astrologiassa el\u00e4inradan merkit jakaantuvat nelj\u00e4\u00e4n elementtiin, joita ovat tuli, maa, ilma ja vesi. Neitsyt kuuluu maamerkkeihin, joiden edustajat ovat k\u00e4yt\u00e4nn\u00f6nl\u00e4heisi\u00e4 realisteja. Maamerkki panee asiat tapahtumaan ja tekee ymp\u00e4rill\u00e4\u00e4n olevien el\u00e4m\u00e4st\u00e4 kaikin tavoin parempaa.<\/p>\n<p>Syyskuun lopussa syntyneiden horoskooppimerkki on Vaaka, joka kuuluu ilmamerkkeihin. Ilmamerkin alla syntyneet el\u00e4v\u00e4t ennemmin j\u00e4rjell\u00e4 kuin tunteella ja nauttivat p\u00e4\u00e4ttelykyky\u00e4 vaativista teht\u00e4vist\u00e4.<\/p>\n<p>Neitsyet voivat ammentaa yhteenkuuluvuuden tuntua <em>Leijonakuninkaan<\/em> Rafikista, joka on Jylh\u00e4kallion arvostettu \u0161amaani eli ennustaja ja parantaja. Neitsyen henkiel\u00e4in on siis ahkera, nokkela ja neuvokas mandrilli, joka voi olla my\u00f6s j\u00e4\u00e4r\u00e4p\u00e4inen ja tuomitseva. Mandrilli viihtyy ja on parhaimmillaan ryhm\u00e4ss\u00e4, mik\u00e4 on yhteinen ominaisuus kaikille syyskuussa syntyneille.<\/p>\n<p>Nimitt\u00e4in syyskuun toisen horoskooppimerkin eli Vaa&#8217;an <a href=\"https:\/\/www.floraqueen.com\/blog\/what-is-my-spirit-animal-by-birthday\" target=\"_blank\" rel=\"noopener\">henkiel\u00e4in on uskollinen susi<\/a>. Sudet ovat diplomaattisia idealisteja, joista l\u00f6ytyy my\u00f6s romanttinen ja kekseli\u00e4s puoli. Susi on joukkuepelaaja, mutta toisaalta my\u00f6s luontainen johtaja.<\/p>\n<h2>Syntym\u00e4kukka ja syntym\u00e4kivi<\/h2>\n<div id=\"attachment_25036\" style=\"width: 1010px\" class=\"wp-caption alignnone\"><img data-recalc-dims=\"1\" decoding=\"async\" aria-describedby=\"caption-attachment-25036\" class=\"wp-image-25036 size-full\" src=\"https:\/\/i0.wp.com\/listafriikki.com\/wp-content\/uploads\/2022\/09\/safiiri_wikimedia.jpg?resize=740%2C444&#038;ssl=1\" alt=\"\" width=\"740\" height=\"444\" srcset=\"https:\/\/i0.wp.com\/listafriikki.com\/wp-content\/uploads\/2022\/09\/safiiri_wikimedia.jpg?w=1000&amp;ssl=1 1000w, https:\/\/i0.wp.com\/listafriikki.com\/wp-content\/uploads\/2022\/09\/safiiri_wikimedia.jpg?resize=500%2C300&amp;ssl=1 500w, https:\/\/i0.wp.com\/listafriikki.com\/wp-content\/uploads\/2022\/09\/safiiri_wikimedia.jpg?resize=768%2C461&amp;ssl=1 768w, https:\/\/i0.wp.com\/listafriikki.com\/wp-content\/uploads\/2022\/09\/safiiri_wikimedia.jpg?resize=590%2C354&amp;ssl=1 590w, https:\/\/i0.wp.com\/listafriikki.com\/wp-content\/uploads\/2022\/09\/safiiri_wikimedia.jpg?resize=400%2C240&amp;ssl=1 400w\" sizes=\"(max-width: 740px) 100vw, 740px\" \/><p id=\"caption-attachment-25036\" class=\"wp-caption-text\"><a href=\"https:\/\/commons.wikimedia.org\/wiki\/User:Wiener_Edelstein_Zentrum\" target=\"_blank\" rel=\"noopener\">Kuva: Wiener Edelstein Zentrum<\/a> | <a href=\"https:\/\/creativecommons.org\/licenses\/by-sa\/3.0\/deed.en\" target=\"_blank\" rel=\"noopener\">CC BY-SA 3.0<\/a><\/p><\/div>\n<p><a href=\"https:\/\/www.almanac.com\/september-birth-flowers\" target=\"_blank\" rel=\"noopener\">Syyskuun syntym\u00e4kukkia<\/a> ovat asteri ja el\u00e4m\u00e4nlanka. Ne molemmat symboloivat rakkautta, mutta kumpikin omalla tavallaan. Asteri kuvastaa rakkauden viisautta, k\u00e4rsiv\u00e4llisyytt\u00e4, omistautuneisuutta ja viattomuutta. El\u00e4m\u00e4nlanka sen sijaan symboloi sek\u00e4 yksipuolista ett\u00e4 kuolematonta rakkautta, jotka eiv\u00e4t valitettavasti aina sulje toisiaan pois.<\/p>\n<p><a href=\"https:\/\/www.almanac.com\/september-birthstone-sapphire\" target=\"_blank\" rel=\"noopener\">Syyskuussa syntyneiden onnenkivi on safiiri<\/a>. Safiireiksi kutsutaan kaiken muun v\u00e4risi\u00e4 korundeja, paitsi herkullisen punaista muunnosta, joka tunnetaan rubiinina. Tunnetuin ja arvostetuin safiiri on kuitenkin sininen.<\/p>\n<p>Syntym\u00e4kiven\u00e4 safiirin uskotaan tuovan kantajalleen onnea, ja se symboloi intuitiota, mielen kirkkautta, tyyneytt\u00e4 sek\u00e4 uskollisuutta ja luottamusta. Safiirilla on v\u00e4itetty olevan my\u00f6s parantavia voimia ja sen onkin uskottu lievitt\u00e4v\u00e4n tulehduksia, alentavan kuumetta ja suojaavan myrkytykselt\u00e4.<\/p>\n<h2>Mist\u00e4 syyskuu-sana on per\u00e4isin?<\/h2>\n<div id=\"attachment_19348\" style=\"width: 1010px\" class=\"wp-caption alignnone\"><img data-recalc-dims=\"1\" decoding=\"async\" aria-describedby=\"caption-attachment-19348\" class=\"wp-image-19348 size-full\" src=\"https:\/\/i0.wp.com\/listafriikki.com\/wp-content\/uploads\/2021\/06\/syyskuu_unsplash.jpg?resize=740%2C444&#038;ssl=1\" alt=\"\" width=\"740\" height=\"444\" srcset=\"https:\/\/i0.wp.com\/listafriikki.com\/wp-content\/uploads\/2021\/06\/syyskuu_unsplash.jpg?w=1000&amp;ssl=1 1000w, https:\/\/i0.wp.com\/listafriikki.com\/wp-content\/uploads\/2021\/06\/syyskuu_unsplash.jpg?resize=500%2C300&amp;ssl=1 500w, https:\/\/i0.wp.com\/listafriikki.com\/wp-content\/uploads\/2021\/06\/syyskuu_unsplash.jpg?resize=768%2C461&amp;ssl=1 768w\" sizes=\"(max-width: 740px) 100vw, 740px\" \/><p id=\"caption-attachment-19348\" class=\"wp-caption-text\"><a href=\"https:\/\/unsplash.com\/@jakobowens1\" target=\"_blank\" rel=\"noopener\">Kuva: Jakob Owens | Unsplash<\/a><\/p><\/div>\n<p>Syyskuun suomenkielinen nimi on varsin yksiselitteinen, sill\u00e4 &#8221;<em>syyskuu syksyn tuo<\/em>&#8221;.<\/p>\n<p>Maatiloilla siirryt\u00e4\u00e4n syyskynt\u00f6ihin, kun viimeisetkin sadonkorjuuseen liittyv\u00e4t ty\u00f6t on saatu tehty\u00e4. Syyskuussa ruvettiin perinteisesti valmistautumaan erilaisiin sadonkorjuujuhliin, kuten loppukuusta alkavaan kekriin. Vaikka kekri nykykalenterissa alkaakin aivan syyskuun lopulla, vietettiin sit\u00e4 maataloissa sit\u00e4 mukaa, kun kes\u00e4n ty\u00f6t oli saatu pakettiin. Ajankohta siis saattoi vaihdella naapuritilojenkin v\u00e4lill\u00e4 loppukes\u00e4st\u00e4 my\u00f6h\u00e4iseen syksyyn.<\/p>\n<p><a href=\"https:\/\/www.kotus.fi\/nyt\/kysymyksia_ja_vastauksia\/sanojen_alkuperasta\/syksy\" target=\"_blank\" rel=\"noopener\">Syyskuu saa nimens\u00e4 siis syksyst\u00e4<\/a>, joka on hyvin vanha suomalais-ugrilaisen kielikunnan perint\u00f6sana. Niin viron\u00a0<em>s\u00fcgis,<\/em>\u00a0pohjoissaamen\u00a0<em>c\u030cakc\u030ca <\/em>kuin unkarin <em>\u0151sz <\/em>ovat per\u00e4isin samasta syksy-sanan muinaisesta kantamuodosta.<\/p>\n<p>Vuodenaikojen nimitykset kuuluvat muutenkin suomen kielen vanhimpiin sanoihin, joita siis syksyn lis\u00e4ksi ovat talvi, touko ja suvi.<\/p>\n<p>Talven j\u00e4lkeinen vuodenaika on siis ollut touko; kev\u00e4t on tullut suomen kieleen paljon my\u00f6hemmin. <strong>Mikael Agricolan<\/strong> kirjaamat kuukausien nimet perustuivat vahvasti l\u00e4nsimurteisiin, joissa kes\u00e4 tarkoitti kesantoa eli viljelem\u00e4t\u00f6nt\u00e4 peltoa. Vuodenajoista l\u00e4mpimin tunnettiin suvena. It\u00e4murteisiin lainasanana tullut vuodenaikaa tarkoittava <a href=\"https:\/\/listafriikki.com\/en\/yleistieto\/faktoja-kesakuusta\/\" target=\"_blank\" rel=\"noopener\">kes\u00e4-sana levisi yleiskieleen<\/a> vasta 1800-luvulla.<\/p>\n<h2>September-sana viittaa seitsem\u00e4nteen kuukauteen<\/h2>\n<div id=\"attachment_25033\" style=\"width: 1010px\" class=\"wp-caption alignnone\"><img data-recalc-dims=\"1\" decoding=\"async\" aria-describedby=\"caption-attachment-25033\" class=\"wp-image-25033 size-full\" src=\"https:\/\/i0.wp.com\/listafriikki.com\/wp-content\/uploads\/2022\/09\/september_unsplash.jpg?resize=740%2C444&#038;ssl=1\" alt=\"\" width=\"740\" height=\"444\" srcset=\"https:\/\/i0.wp.com\/listafriikki.com\/wp-content\/uploads\/2022\/09\/september_unsplash.jpg?w=1000&amp;ssl=1 1000w, https:\/\/i0.wp.com\/listafriikki.com\/wp-content\/uploads\/2022\/09\/september_unsplash.jpg?resize=500%2C300&amp;ssl=1 500w, https:\/\/i0.wp.com\/listafriikki.com\/wp-content\/uploads\/2022\/09\/september_unsplash.jpg?resize=768%2C461&amp;ssl=1 768w, https:\/\/i0.wp.com\/listafriikki.com\/wp-content\/uploads\/2022\/09\/september_unsplash.jpg?resize=590%2C354&amp;ssl=1 590w, https:\/\/i0.wp.com\/listafriikki.com\/wp-content\/uploads\/2022\/09\/september_unsplash.jpg?resize=400%2C240&amp;ssl=1 400w\" sizes=\"(max-width: 740px) 100vw, 740px\" \/><p id=\"caption-attachment-25033\" class=\"wp-caption-text\"><a href=\"https:\/\/unsplash.com\/@brigittetohm\" target=\"_blank\" rel=\"noopener\">Kuva: Brigitte Tohm | Unsplash<\/a><\/p><\/div>\n<p>Syyskuu on monella kielell\u00e4 <em>september<\/em> (tai hyvin l\u00e4hell\u00e4 sit\u00e4). <em>September<\/em>-sana viittaa syyskuun paikkaan vuoden seitsem\u00e4nten\u00e4 kuukautena; seitsem\u00e4n on latinaksi <em>septem<\/em>. Mutta hetkinen \u2013 syyskuuhan on yhdeks\u00e4s kuukausi!<\/p>\n<p>Ennen kuin Rooman valtakunnassa kehitettiin <strong>Julius Caesarin<\/strong> k\u00e4skyst\u00e4 juliaaninen kalenteri karkausp\u00e4ivineen, oli k\u00e4yt\u00f6ss\u00e4 ikivanha kymmenkuukautinen kalenteri. Vuosi alkoi maaliskuusta ja loppui joulukuuhun. Loppuvuosi, eli se mik\u00e4 nyt on tammi-ja helmikuuta, oli t\u00e4ysin merkitykset\u00f6n ajanjakso, koska se ei ollut viljelykautta.<\/p>\n<p>N\u00e4in ollen syyskuu oli siis vuoden seitsem\u00e4s kuukausi ja j\u00e4rjestysnumeronsa mukaisesti nimelt\u00e4\u00e4n <em>September<\/em>. Kun kalenteri pantiin uuteen uskoon, p\u00e4\u00e4tettiin vakiintunut nimi s\u00e4ilytt\u00e4\u00e4 ep\u00e4loogisuudestaan huolimatta.<\/p>\n<h2>Syyskuussa syntyneill\u00e4 on suurempi riski sairastua astmaan<\/h2>\n<div id=\"attachment_25038\" style=\"width: 1010px\" class=\"wp-caption alignnone\"><img data-recalc-dims=\"1\" decoding=\"async\" aria-describedby=\"caption-attachment-25038\" class=\"wp-image-25038 size-full\" src=\"https:\/\/i0.wp.com\/listafriikki.com\/wp-content\/uploads\/2022\/09\/astma_unsplash.jpg?resize=740%2C444&#038;ssl=1\" alt=\"\" width=\"740\" height=\"444\" srcset=\"https:\/\/i0.wp.com\/listafriikki.com\/wp-content\/uploads\/2022\/09\/astma_unsplash.jpg?w=1000&amp;ssl=1 1000w, https:\/\/i0.wp.com\/listafriikki.com\/wp-content\/uploads\/2022\/09\/astma_unsplash.jpg?resize=500%2C300&amp;ssl=1 500w, https:\/\/i0.wp.com\/listafriikki.com\/wp-content\/uploads\/2022\/09\/astma_unsplash.jpg?resize=768%2C461&amp;ssl=1 768w, https:\/\/i0.wp.com\/listafriikki.com\/wp-content\/uploads\/2022\/09\/astma_unsplash.jpg?resize=590%2C354&amp;ssl=1 590w, https:\/\/i0.wp.com\/listafriikki.com\/wp-content\/uploads\/2022\/09\/astma_unsplash.jpg?resize=400%2C240&amp;ssl=1 400w\" sizes=\"(max-width: 740px) 100vw, 740px\" \/><p id=\"caption-attachment-25038\" class=\"wp-caption-text\"><a href=\"https:\/\/unsplash.com\/@sahejbrar_\" target=\"_blank\" rel=\"noopener\">Kuva: Sahej Brar | Unsplash<\/a><\/p><\/div>\n<p>On monia tekij\u00f6it\u00e4, jotka kasvattavat riski\u00e4 sairastua astmaan. N\u00e4it\u00e4 ovat muun muassa erilaiset allergiat, ihottumat, perinn\u00f6lliset tekij\u00e4t, keskosena syntyminen ja raskaudenaikainen tupakointi. Yksi yll\u00e4tt\u00e4v\u00e4 riski\u00e4 lis\u00e4\u00e4v\u00e4 tekij\u00e4 on syksyll\u00e4 syntyminen.<\/p>\n<p>Tutkijoiden mukaan syksyll\u00e4 syntyneill\u00e4 on jopa 30 % suurempi riski sairastua astmaan kuin muuhun vuodenaikaan syntyneill\u00e4. T\u00e4h\u00e4n erikoisuuteen on l\u00f6ytynyt my\u00f6s syy, nimitt\u00e4in edess\u00e4 siint\u00e4v\u00e4 flunssakausi. Erilaiset flunssavirukset rupeavat pohjoisella pallonpuoliskolla jyll\u00e4\u00e4m\u00e4\u00e4n loppusyksyst\u00e4, talvella on influenssavirusten aika ja kev\u00e4ttalvella tartuntahuippunsa saavuttaa <a href=\"https:\/\/consumer.healthday.com\/respiratory-and-allergy-information-2\/asthma-news-47\/autumn-babies-more-prone-to-asthma-621587.html\" target=\"_blank\" rel=\"noopener\">RS-virus, jonka erityisesti tiedet\u00e4\u00e4n aiheuttavan astmaa my\u00f6hemmin el\u00e4m\u00e4ss\u00e4<\/a>.<\/p>\n<p>Ihmisen vastustuskyky ei ole el\u00e4m\u00e4n ensimm\u00e4isin\u00e4 kuukausina viel\u00e4 t\u00e4ysiss\u00e4 voimissaan, mutta vaikka yhdysvaltalaisen Vanderbiltin yliopiston tutkimuksen mukaan jopa 70 prosenttia pienokaisista saa RS-viruksen aiheuttaman infektion ennen ensimm\u00e4ist\u00e4 syntym\u00e4p\u00e4iv\u00e4\u00e4ns\u00e4, eiv\u00e4t he kaikki tietenk\u00e4\u00e4n sairastu my\u00f6hemmin astmaan.\u00a0Mutta mit\u00e4 vakavampi hengitystieinfektio on kyseess\u00e4, sit\u00e4 suuremmaksi riski kasvaa.<\/p>\n<h2>Mink\u00e4laisia ominaisuuksia tiede paljastaa syyskuussa syntyneist\u00e4?<\/h2>\n<div id=\"attachment_25039\" style=\"width: 1010px\" class=\"wp-caption alignnone\"><img data-recalc-dims=\"1\" decoding=\"async\" aria-describedby=\"caption-attachment-25039\" class=\"wp-image-25039 size-full\" src=\"https:\/\/i0.wp.com\/listafriikki.com\/wp-content\/uploads\/2022\/09\/sata_vuotta_unsplash.jpg?resize=740%2C444&#038;ssl=1\" alt=\"\" width=\"740\" height=\"444\" srcset=\"https:\/\/i0.wp.com\/listafriikki.com\/wp-content\/uploads\/2022\/09\/sata_vuotta_unsplash.jpg?w=1000&amp;ssl=1 1000w, https:\/\/i0.wp.com\/listafriikki.com\/wp-content\/uploads\/2022\/09\/sata_vuotta_unsplash.jpg?resize=500%2C300&amp;ssl=1 500w, https:\/\/i0.wp.com\/listafriikki.com\/wp-content\/uploads\/2022\/09\/sata_vuotta_unsplash.jpg?resize=768%2C461&amp;ssl=1 768w, https:\/\/i0.wp.com\/listafriikki.com\/wp-content\/uploads\/2022\/09\/sata_vuotta_unsplash.jpg?resize=590%2C354&amp;ssl=1 590w, https:\/\/i0.wp.com\/listafriikki.com\/wp-content\/uploads\/2022\/09\/sata_vuotta_unsplash.jpg?resize=400%2C240&amp;ssl=1 400w\" sizes=\"(max-width: 740px) 100vw, 740px\" \/><p id=\"caption-attachment-25039\" class=\"wp-caption-text\">Kuva: Unsplash<\/p><\/div>\n<p>Olemme jo tutustuneet horoskooppeihin ja henkiel\u00e4imiin, mutta nyt annetaan vuoro tieteelle. Kasvanut riski sairastua astmaan k\u00e4ytiin jo l\u00e4pi, mutta mit\u00e4 muuta tiede kertoo syyskuussa syntyneist\u00e4?<\/p>\n<p>Loppukes\u00e4st\u00e4 ja alkusyksyst\u00e4 syntyneet ovat keskim\u00e4\u00e4r\u00e4isesti isoja vauvoja ja heist\u00e4 my\u00f6s kasvaa pitki\u00e4 aikuisia. T\u00e4m\u00e4n uskotaan johtuvan raskaudenaikaisesta D-vitamiinin saannista. Samasta syyst\u00e4 syksyn lapsilla on kaikkein vahvimmat luut.<\/p>\n<p>Syyskuussa syntyneet <a href=\"https:\/\/time.com\/4741094\/season-birth-personality\/\" target=\"_blank\" rel=\"noopener\">k\u00e4rsiv\u00e4t v\u00e4hiten masennuksesta, mutta toisaalta \u00e4rsyyntyv\u00e4t helposti<\/a>. Onneksi \u00e4rsyyntyminen on yleens\u00e4 nopeasti ohimenev\u00e4 ilmi\u00f6!<\/p>\n<p>Syksyll\u00e4 syntyneet ovat my\u00f6s kaikkein pitk\u00e4ik\u00e4isimpi\u00e4 ja saavuttavat todenn\u00e4k\u00f6isimmin <a href=\"https:\/\/www.newscientist.com\/article\/dn22054-autumn-babies-more-likely-to-hit-100\/#.U9gSn4XNo7A\" target=\"_blank\" rel=\"noopener\">kunnioitettavan 100 vuoden i\u00e4n<\/a>. Lieneek\u00f6 syyn\u00e4 se, ett\u00e4 vastustuskyky kehittyy erityisen vahvaksi ensimm\u00e4isin\u00e4 elinkuukausina k\u00e4ytyjen koettelemusten vuoksi.<\/p>\n<h2>The Old Farmer\u2019s Almanac kertoo, mit\u00e4 kannattaa tehd\u00e4 ja koska<\/h2>\n<div id=\"attachment_23280\" style=\"width: 1010px\" class=\"wp-caption alignnone\"><img data-recalc-dims=\"1\" decoding=\"async\" aria-describedby=\"caption-attachment-23280\" class=\"wp-image-23280 size-full\" src=\"https:\/\/i0.wp.com\/listafriikki.com\/wp-content\/uploads\/2022\/02\/almanakka.jpg?resize=740%2C444&#038;ssl=1\" alt=\"\" width=\"740\" height=\"444\" srcset=\"https:\/\/i0.wp.com\/listafriikki.com\/wp-content\/uploads\/2022\/02\/almanakka.jpg?w=1000&amp;ssl=1 1000w, https:\/\/i0.wp.com\/listafriikki.com\/wp-content\/uploads\/2022\/02\/almanakka.jpg?resize=500%2C300&amp;ssl=1 500w, https:\/\/i0.wp.com\/listafriikki.com\/wp-content\/uploads\/2022\/02\/almanakka.jpg?resize=768%2C461&amp;ssl=1 768w\" sizes=\"(max-width: 740px) 100vw, 740px\" \/><p id=\"caption-attachment-23280\" class=\"wp-caption-text\"><a href=\"https:\/\/en.wikipedia.org\/wiki\/File:Old_Farmer%27s_Almanac_Evergreen_Cover.png\" target=\"_blank\" rel=\"noopener\">Kuva: Wikimedia Commons<\/a> | <a href=\"https:\/\/creativecommons.org\/licenses\/by-sa\/4.0\/\" target=\"_blank\" rel=\"noopener\">CC BY-SA 4.0<\/a><\/p><\/div>\n<p><em>The Old Farmer\u2019s Almanac<\/em>, suoraan ja k\u00f6k\u00f6sti suomeksi k\u00e4\u00e4nnettyn\u00e4 \u201dVanha maanviljelij\u00e4n almanakka\u201d, on ilmestynyt Pohjois-Amerikassa jo vuodesta 1792 l\u00e4htien. Monen muun asian lis\u00e4ksi almanakka kertoo <a href=\"https:\/\/www.almanac.com\/bestdays\/timetable\" target=\"_blank\" rel=\"noopener\">jokaiselle kuukaudelle parhaat p\u00e4iv\u00e4t<\/a> mit\u00e4 erilaisimpien askareiden suorittamiseen.<\/p>\n<p>Suositukset perustuvat muun muassa Kuun vaiheisiin ja siihen, miss\u00e4 el\u00e4inradan merkiss\u00e4 Kuu kulloinkin sijaitsee. Almanakan mukaan oikealla ajoituksella voi edesauttaa niin onnistunutta avioliittoa, uuden ruokavalion aloittamista kuin betonin valamista.<\/p>\n<p>Milt\u00e4 siis n\u00e4ytt\u00e4\u00e4 syyskuu 2026?<\/p>\n<p>Jos ylim\u00e4\u00e4r\u00e4isist\u00e4 kiloista haluaa eroon tai tupakoinnen lopettaa, kannattaa el\u00e4m\u00e4nmuutos aloittaa syyskuun 3. tai 7. p\u00e4iv\u00e4n\u00e4. Leipoa sen sijaan kannattaa 5.\u20136. syyskuuta, ja hammasl\u00e4\u00e4k\u00e4rik\u00e4ynnille suosituimmat p\u00e4iv\u00e4t ovat 10. ja 11. p\u00e4iv\u00e4.<\/p>\n<p>Syyskuun 12. ja 13. p\u00e4iv\u00e4n\u00e4 kannattaa laittaa el\u00e4m\u00e4 oikein kunnolla j\u00e4rjestykseen: silloin on paras aika sek\u00e4 leikata hiukset kasvua edist\u00e4v\u00e4sti ett\u00e4 menn\u00e4 naimisiin. Jos avioliiton solmiminen ei kuulu suunnitelmiin, voi 14.\u201315. syyskuuta k\u00e4ytt\u00e4\u00e4 oluen tai siiderin panemiseen. Samat p\u00e4iv\u00e4t ovat almanakan mukaan otollisia my\u00f6s kotiel\u00e4inten lis\u00e4\u00e4ntymiselle \u2013 ja hieman ristiriitaisesti niiden teurastamiselle.<\/p>\n<p>Kuun 19. ja 20. p\u00e4iv\u00e4n\u00e4 kannattaa puolestaan valaa betonia tai pystytt\u00e4\u00e4 tolppia. El\u00e4inten kastroiminen on syyt\u00e4 j\u00e4tt\u00e4\u00e4 21.\u201322. p\u00e4iv\u00e4\u00e4n, ja kuukauden viimeiset kolme p\u00e4iv\u00e4\u00e4 ovat erityisen suotuisia hiusten v\u00e4rj\u00e4\u00e4miselle.<\/p>\n<p>Jos siis olet t\u00e4h\u00e4n asti hoitanut avioliittoon astumisen, betonity\u00f6t, kampaajak\u00e4ynnit ja el\u00e4inten kastraatiot t\u00e4ysin mielivaltaisina p\u00e4ivin\u00e4, niin nyt tied\u00e4t paremmin. Syyskuun 2026 aikataulu on valmis!<\/p>\n<p><strong>Lue my\u00f6s:<\/strong><\/p>\n<ul style=\"list-style-type: square;\">\n<li><strong><a href=\"https:\/\/listafriikki.com\/en\/yleistieto\/10-faktaa-syksysta\/\" target=\"_blank\" rel=\"noopener\">10 erikoista faktaa syksyst\u00e4 ja sen vaikutuksista<\/a><\/strong><\/li>\n<li><a href=\"https:\/\/listafriikki.com\/en\/yhteiskunta\/tulevaisuus-maailma-vuonna-2100\/\" target=\"_blank\" rel=\"noopener\"><strong>Tulevaisuus ja 10 asiaa: Milt\u00e4 maailma voisi n\u00e4ytt\u00e4\u00e4 vuonna 2100?<\/strong><\/a><\/li>\n<\/ul>","protected":false},"excerpt":{"rendered":"<p>Olemme juuri siirtyneet syyskuun puolelle ja samalla on alkanut syksy, joten on aika perehty\u00e4 t\u00e4h\u00e4n kuluvaan kuukauteen \u2013 luvassa on viihdett\u00e4 ja faktoja syyskuusta. Millaisia ovat syyskuussa syntyneet tieteen n\u00e4k\u00f6kulmasta, mit\u00e4 astrologia kertoo heist\u00e4 ja mist\u00e4 kuukauden nimi on per\u00e4isin? Kuten aiemmillakin kuukausista kertovilla listoilla, niin tiedossa on nytkin tiukkaa faktaa ja nippelitietoa, mutta niiden [&hellip;]<\/p>\n","protected":false},"author":2,"featured_media":33074,"comment_status":"closed","ping_status":"closed","sticky":false,"template":"","format":"standard","meta":{"_jetpack_newsletter_access":"","_jetpack_dont_email_post_to_subs":false,"_jetpack_newsletter_tier_id":0,"_jetpack_memberships_contains_paywalled_content":false,"_jetpack_feature_clip_id":0,"_jetpack_memberships_contains_paid_content":false,"footnotes":"","jetpack_post_was_ever_published":false},"categories":[33],"tags":[505,98,173,332],"class_list":["post-33071","post","type-post","status-publish","format-standard","has-post-thumbnail","hentry","category-yleistieto","tag-almanakka","tag-etusivu","tag-kalenteri","tag-syksy"],"yoast_head":"<!-- This site is optimized with the Yoast SEO plugin v28.3 - https:\/\/yoast.com\/product\/yoast-seo-wordpress\/ -->\n<title>Faktoja syyskuusta: 7 hauskaa ja yll\u00e4tt\u00e4v\u00e4\u00e4 asiaa<\/title>\n<meta name=\"description\" content=\"Mit\u00e4 tiede ja astrologia kertovat syyskuussa syntyneist\u00e4? Lue my\u00f6s, mist\u00e4 syyskuu sai nimens\u00e4 ja muita yll\u00e4tt\u00e4vi\u00e4 faktoja syyskuusta.\" \/>\n<meta name=\"robots\" content=\"index, follow, max-snippet:-1, max-image-preview:large, max-video-preview:-1\" \/>\n<link rel=\"canonical\" href=\"https:\/\/listafriikki.com\/en\/yleistieto\/7-faktoja-syyskuusta\/\" \/>\n<meta property=\"og:locale\" content=\"en_GB\" \/>\n<meta property=\"og:type\" content=\"article\" \/>\n<meta property=\"og:title\" content=\"Faktoja syyskuusta: 7 hauskaa ja yll\u00e4tt\u00e4v\u00e4\u00e4 asiaa\" \/>\n<meta property=\"og:description\" content=\"Mit\u00e4 tiede ja astrologia kertovat syyskuussa syntyneist\u00e4? Lue my\u00f6s, mist\u00e4 syyskuu sai nimens\u00e4 ja muita yll\u00e4tt\u00e4vi\u00e4 faktoja syyskuusta.\" \/>\n<meta property=\"og:url\" content=\"https:\/\/listafriikki.com\/en\/yleistieto\/7-faktoja-syyskuusta\/\" \/>\n<meta property=\"og:site_name\" content=\"Listafriikki.com\" \/>\n<meta property=\"article:publisher\" content=\"https:\/\/www.facebook.com\/listafriikki\" \/>\n<meta property=\"article:published_time\" content=\"2026-09-02T19:45:40+00:00\" \/>\n<meta property=\"og:image\" content=\"https:\/\/i0.wp.com\/listafriikki.com\/wp-content\/uploads\/2026\/09\/syksynlehdet.jpg?fit=1000%2C600&ssl=1\" \/>\n\t<meta property=\"og:image:width\" content=\"1000\" \/>\n\t<meta property=\"og:image:height\" content=\"600\" \/>\n\t<meta property=\"og:image:type\" content=\"image\/jpeg\" \/>\n<meta name=\"author\" content=\"Jenni Ollonqvist\" \/>\n<meta name=\"twitter:card\" content=\"summary_large_image\" \/>\n<meta name=\"twitter:label1\" content=\"Written by\" \/>\n\t<meta name=\"twitter:data1\" content=\"Jenni Ollonqvist\" \/>\n\t<meta name=\"twitter:label2\" content=\"Estimated reading time\" \/>\n\t<meta name=\"twitter:data2\" content=\"9 minutes\" \/>\n<script type=\"application\/ld+json\" class=\"yoast-schema-graph\">{\"@context\":\"https:\\\/\\\/schema.org\",\"@graph\":[{\"@type\":\"Article\",\"@id\":\"https:\\\/\\\/listafriikki.com\\\/yleistieto\\\/7-faktoja-syyskuusta\\\/#article\",\"isPartOf\":{\"@id\":\"https:\\\/\\\/listafriikki.com\\\/yleistieto\\\/7-faktoja-syyskuusta\\\/\"},\"author\":{\"name\":\"Jenni Ollonqvist\",\"@id\":\"https:\\\/\\\/listafriikki.com\\\/#\\\/schema\\\/person\\\/035f6386f4de10aac4080a46ea7d10dd\"},\"headline\":\"Syyskuussa syntyneet el\u00e4v\u00e4t muita useammin 100-vuotiaiksi \u2013 7 faktaa syyskuusta ja syyskuun lapsista\",\"datePublished\":\"2026-09-02T19:45:40+00:00\",\"mainEntityOfPage\":{\"@id\":\"https:\\\/\\\/listafriikki.com\\\/yleistieto\\\/7-faktoja-syyskuusta\\\/\"},\"wordCount\":1315,\"publisher\":{\"@id\":\"https:\\\/\\\/listafriikki.com\\\/#organization\"},\"image\":{\"@id\":\"https:\\\/\\\/listafriikki.com\\\/yleistieto\\\/7-faktoja-syyskuusta\\\/#primaryimage\"},\"thumbnailUrl\":\"https:\\\/\\\/i0.wp.com\\\/listafriikki.com\\\/wp-content\\\/uploads\\\/2026\\\/09\\\/syksynlehdet.jpg?fit=1000%2C600&ssl=1\",\"keywords\":[\"almanakka\",\"Etusivu\",\"kalenteri\",\"syksy\"],\"articleSection\":[\"Yleistieto\"],\"inLanguage\":\"en-GB\"},{\"@type\":\"WebPage\",\"@id\":\"https:\\\/\\\/listafriikki.com\\\/yleistieto\\\/7-faktoja-syyskuusta\\\/\",\"url\":\"https:\\\/\\\/listafriikki.com\\\/yleistieto\\\/7-faktoja-syyskuusta\\\/\",\"name\":\"Faktoja syyskuusta: 7 hauskaa ja yll\u00e4tt\u00e4v\u00e4\u00e4 asiaa\",\"isPartOf\":{\"@id\":\"https:\\\/\\\/listafriikki.com\\\/#website\"},\"primaryImageOfPage\":{\"@id\":\"https:\\\/\\\/listafriikki.com\\\/yleistieto\\\/7-faktoja-syyskuusta\\\/#primaryimage\"},\"image\":{\"@id\":\"https:\\\/\\\/listafriikki.com\\\/yleistieto\\\/7-faktoja-syyskuusta\\\/#primaryimage\"},\"thumbnailUrl\":\"https:\\\/\\\/i0.wp.com\\\/listafriikki.com\\\/wp-content\\\/uploads\\\/2026\\\/09\\\/syksynlehdet.jpg?fit=1000%2C600&ssl=1\",\"datePublished\":\"2026-09-02T19:45:40+00:00\",\"description\":\"Mit\u00e4 tiede ja astrologia kertovat syyskuussa syntyneist\u00e4? Lue my\u00f6s, mist\u00e4 syyskuu sai nimens\u00e4 ja muita yll\u00e4tt\u00e4vi\u00e4 faktoja syyskuusta.\",\"breadcrumb\":{\"@id\":\"https:\\\/\\\/listafriikki.com\\\/yleistieto\\\/7-faktoja-syyskuusta\\\/#breadcrumb\"},\"inLanguage\":\"en-GB\",\"potentialAction\":[{\"@type\":\"ReadAction\",\"target\":[\"https:\\\/\\\/listafriikki.com\\\/yleistieto\\\/7-faktoja-syyskuusta\\\/\"]}]},{\"@type\":\"ImageObject\",\"inLanguage\":\"en-GB\",\"@id\":\"https:\\\/\\\/listafriikki.com\\\/yleistieto\\\/7-faktoja-syyskuusta\\\/#primaryimage\",\"url\":\"https:\\\/\\\/i0.wp.com\\\/listafriikki.com\\\/wp-content\\\/uploads\\\/2026\\\/09\\\/syksynlehdet.jpg?fit=1000%2C600&ssl=1\",\"contentUrl\":\"https:\\\/\\\/i0.wp.com\\\/listafriikki.com\\\/wp-content\\\/uploads\\\/2026\\\/09\\\/syksynlehdet.jpg?fit=1000%2C600&ssl=1\",\"width\":1000,\"height\":600,\"caption\":\"Nyt on luvassa faktoja syyskuusta ja syyskussa syntyneist\u00e4.\"},{\"@type\":\"BreadcrumbList\",\"@id\":\"https:\\\/\\\/listafriikki.com\\\/yleistieto\\\/7-faktoja-syyskuusta\\\/#breadcrumb\",\"itemListElement\":[{\"@type\":\"ListItem\",\"position\":1,\"name\":\"Home\",\"item\":\"https:\\\/\\\/listafriikki.com\\\/\"},{\"@type\":\"ListItem\",\"position\":2,\"name\":\"Syyskuussa syntyneet el\u00e4v\u00e4t muita useammin 100-vuotiaiksi \u2013 7 faktaa syyskuusta ja syyskuun lapsista\"}]},{\"@type\":\"WebSite\",\"@id\":\"https:\\\/\\\/listafriikki.com\\\/#website\",\"url\":\"https:\\\/\\\/listafriikki.com\\\/\",\"name\":\"Listafriikki.com\",\"description\":\"Top 10 Listat\",\"publisher\":{\"@id\":\"https:\\\/\\\/listafriikki.com\\\/#organization\"},\"potentialAction\":[{\"@type\":\"SearchAction\",\"target\":{\"@type\":\"EntryPoint\",\"urlTemplate\":\"https:\\\/\\\/listafriikki.com\\\/?s={search_term_string}\"},\"query-input\":{\"@type\":\"PropertyValueSpecification\",\"valueRequired\":true,\"valueName\":\"search_term_string\"}}],\"inLanguage\":\"en-GB\"},{\"@type\":\"Organization\",\"@id\":\"https:\\\/\\\/listafriikki.com\\\/#organization\",\"name\":\"Listafriikki.com\",\"url\":\"https:\\\/\\\/listafriikki.com\\\/\",\"logo\":{\"@type\":\"ImageObject\",\"inLanguage\":\"en-GB\",\"@id\":\"https:\\\/\\\/listafriikki.com\\\/#\\\/schema\\\/logo\\\/image\\\/\",\"url\":\"https:\\\/\\\/i0.wp.com\\\/listafriikki.com\\\/wp-content\\\/uploads\\\/2020\\\/06\\\/listafriikki_uusi-logo_144x144.png?fit=144%2C144&ssl=1\",\"contentUrl\":\"https:\\\/\\\/i0.wp.com\\\/listafriikki.com\\\/wp-content\\\/uploads\\\/2020\\\/06\\\/listafriikki_uusi-logo_144x144.png?fit=144%2C144&ssl=1\",\"width\":144,\"height\":144,\"caption\":\"Listafriikki.com\"},\"image\":{\"@id\":\"https:\\\/\\\/listafriikki.com\\\/#\\\/schema\\\/logo\\\/image\\\/\"},\"sameAs\":[\"https:\\\/\\\/www.facebook.com\\\/listafriikki\",\"https:\\\/\\\/www.instagram.com\\\/listafriikkicom\\\/\",\"https:\\\/\\\/www.tiktok.com\\\/@listafriikki\"]},{\"@type\":\"Person\",\"@id\":\"https:\\\/\\\/listafriikki.com\\\/#\\\/schema\\\/person\\\/035f6386f4de10aac4080a46ea7d10dd\",\"name\":\"Jenni Ollonqvist\",\"image\":{\"@type\":\"ImageObject\",\"inLanguage\":\"en-GB\",\"@id\":\"https:\\\/\\\/secure.gravatar.com\\\/avatar\\\/3081d103730ea7c45ae91dcd3a02929c235713597d81c96d22eb4183ba03854f?s=96&d=mm&r=g\",\"url\":\"https:\\\/\\\/secure.gravatar.com\\\/avatar\\\/3081d103730ea7c45ae91dcd3a02929c235713597d81c96d22eb4183ba03854f?s=96&d=mm&r=g\",\"contentUrl\":\"https:\\\/\\\/secure.gravatar.com\\\/avatar\\\/3081d103730ea7c45ae91dcd3a02929c235713597d81c96d22eb4183ba03854f?s=96&d=mm&r=g\",\"caption\":\"Jenni Ollonqvist\"},\"url\":\"https:\\\/\\\/listafriikki.com\\\/en\\\/author\\\/jenni-ollonqvist\\\/\"}]}<\/script>\n<!-- \/ Yoast SEO plugin. -->","yoast_head_json":{"title":"Faktoja syyskuusta: 7 hauskaa ja yll\u00e4tt\u00e4v\u00e4\u00e4 asiaa","description":"Mit\u00e4 tiede ja astrologia kertovat syyskuussa syntyneist\u00e4? Lue my\u00f6s, mist\u00e4 syyskuu sai nimens\u00e4 ja muita yll\u00e4tt\u00e4vi\u00e4 faktoja syyskuusta.","robots":{"index":"index","follow":"follow","max-snippet":"max-snippet:-1","max-image-preview":"max-image-preview:large","max-video-preview":"max-video-preview:-1"},"canonical":"https:\/\/listafriikki.com\/en\/yleistieto\/7-faktoja-syyskuusta\/","og_locale":"en_GB","og_type":"article","og_title":"Faktoja syyskuusta: 7 hauskaa ja yll\u00e4tt\u00e4v\u00e4\u00e4 asiaa","og_description":"Mit\u00e4 tiede ja astrologia kertovat syyskuussa syntyneist\u00e4? Lue my\u00f6s, mist\u00e4 syyskuu sai nimens\u00e4 ja muita yll\u00e4tt\u00e4vi\u00e4 faktoja syyskuusta.","og_url":"https:\/\/listafriikki.com\/en\/yleistieto\/7-faktoja-syyskuusta\/","og_site_name":"Listafriikki.com","article_publisher":"https:\/\/www.facebook.com\/listafriikki","article_published_time":"2026-09-02T19:45:40+00:00","og_image":[{"width":1000,"height":600,"url":"https:\/\/i0.wp.com\/listafriikki.com\/wp-content\/uploads\/2026\/09\/syksynlehdet.jpg?fit=1000%2C600&ssl=1","type":"image\/jpeg"}],"author":"Jenni Ollonqvist","twitter_card":"summary_large_image","twitter_misc":{"Written by":"Jenni Ollonqvist","Estimated reading time":"9 minutes"},"schema":{"@context":"https:\/\/schema.org","@graph":[{"@type":"Article","@id":"https:\/\/listafriikki.com\/yleistieto\/7-faktoja-syyskuusta\/#article","isPartOf":{"@id":"https:\/\/listafriikki.com\/yleistieto\/7-faktoja-syyskuusta\/"},"author":{"name":"Jenni Ollonqvist","@id":"https:\/\/listafriikki.com\/#\/schema\/person\/035f6386f4de10aac4080a46ea7d10dd"},"headline":"Syyskuussa syntyneet el\u00e4v\u00e4t muita useammin 100-vuotiaiksi \u2013 7 faktaa syyskuusta ja syyskuun lapsista","datePublished":"2026-09-02T19:45:40+00:00","mainEntityOfPage":{"@id":"https:\/\/listafriikki.com\/yleistieto\/7-faktoja-syyskuusta\/"},"wordCount":1315,"publisher":{"@id":"https:\/\/listafriikki.com\/#organization"},"image":{"@id":"https:\/\/listafriikki.com\/yleistieto\/7-faktoja-syyskuusta\/#primaryimage"},"thumbnailUrl":"https:\/\/i0.wp.com\/listafriikki.com\/wp-content\/uploads\/2026\/09\/syksynlehdet.jpg?fit=1000%2C600&ssl=1","keywords":["almanakka","Etusivu","kalenteri","syksy"],"articleSection":["Yleistieto"],"inLanguage":"en-GB"},{"@type":"WebPage","@id":"https:\/\/listafriikki.com\/yleistieto\/7-faktoja-syyskuusta\/","url":"https:\/\/listafriikki.com\/yleistieto\/7-faktoja-syyskuusta\/","name":"Faktoja syyskuusta: 7 hauskaa ja yll\u00e4tt\u00e4v\u00e4\u00e4 asiaa","isPartOf":{"@id":"https:\/\/listafriikki.com\/#website"},"primaryImageOfPage":{"@id":"https:\/\/listafriikki.com\/yleistieto\/7-faktoja-syyskuusta\/#primaryimage"},"image":{"@id":"https:\/\/listafriikki.com\/yleistieto\/7-faktoja-syyskuusta\/#primaryimage"},"thumbnailUrl":"https:\/\/i0.wp.com\/listafriikki.com\/wp-content\/uploads\/2026\/09\/syksynlehdet.jpg?fit=1000%2C600&ssl=1","datePublished":"2026-09-02T19:45:40+00:00","description":"Mit\u00e4 tiede ja astrologia kertovat syyskuussa syntyneist\u00e4? Lue my\u00f6s, mist\u00e4 syyskuu sai nimens\u00e4 ja muita yll\u00e4tt\u00e4vi\u00e4 faktoja syyskuusta.","breadcrumb":{"@id":"https:\/\/listafriikki.com\/yleistieto\/7-faktoja-syyskuusta\/#breadcrumb"},"inLanguage":"en-GB","potentialAction":[{"@type":"ReadAction","target":["https:\/\/listafriikki.com\/yleistieto\/7-faktoja-syyskuusta\/"]}]},{"@type":"ImageObject","inLanguage":"en-GB","@id":"https:\/\/listafriikki.com\/yleistieto\/7-faktoja-syyskuusta\/#primaryimage","url":"https:\/\/i0.wp.com\/listafriikki.com\/wp-content\/uploads\/2026\/09\/syksynlehdet.jpg?fit=1000%2C600&ssl=1","contentUrl":"https:\/\/i0.wp.com\/listafriikki.com\/wp-content\/uploads\/2026\/09\/syksynlehdet.jpg?fit=1000%2C600&ssl=1","width":1000,"height":600,"caption":"Nyt on luvassa faktoja syyskuusta ja syyskussa syntyneist\u00e4."},{"@type":"BreadcrumbList","@id":"https:\/\/listafriikki.com\/yleistieto\/7-faktoja-syyskuusta\/#breadcrumb","itemListElement":[{"@type":"ListItem","position":1,"name":"Home","item":"https:\/\/listafriikki.com\/"},{"@type":"ListItem","position":2,"name":"Syyskuussa syntyneet el\u00e4v\u00e4t muita useammin 100-vuotiaiksi \u2013 7 faktaa syyskuusta ja syyskuun lapsista"}]},{"@type":"WebSite","@id":"https:\/\/listafriikki.com\/#website","url":"https:\/\/listafriikki.com\/","name":"Listafriikki.com","description":"Top 10 Listat","publisher":{"@id":"https:\/\/listafriikki.com\/#organization"},"potentialAction":[{"@type":"SearchAction","target":{"@type":"EntryPoint","urlTemplate":"https:\/\/listafriikki.com\/?s={search_term_string}"},"query-input":{"@type":"PropertyValueSpecification","valueRequired":true,"valueName":"search_term_string"}}],"inLanguage":"en-GB"},{"@type":"Organization","@id":"https:\/\/listafriikki.com\/#organization","name":"Listafriikki.com","url":"https:\/\/listafriikki.com\/","logo":{"@type":"ImageObject","inLanguage":"en-GB","@id":"https:\/\/listafriikki.com\/#\/schema\/logo\/image\/","url":"https:\/\/i0.wp.com\/listafriikki.com\/wp-content\/uploads\/2020\/06\/listafriikki_uusi-logo_144x144.png?fit=144%2C144&ssl=1","contentUrl":"https:\/\/i0.wp.com\/listafriikki.com\/wp-content\/uploads\/2020\/06\/listafriikki_uusi-logo_144x144.png?fit=144%2C144&ssl=1","width":144,"height":144,"caption":"Listafriikki.com"},"image":{"@id":"https:\/\/listafriikki.com\/#\/schema\/logo\/image\/"},"sameAs":["https:\/\/www.facebook.com\/listafriikki","https:\/\/www.instagram.com\/listafriikkicom\/","https:\/\/www.tiktok.com\/@listafriikki"]},{"@type":"Person","@id":"https:\/\/listafriikki.com\/#\/schema\/person\/035f6386f4de10aac4080a46ea7d10dd","name":"Jenni Ollonqvist","image":{"@type":"ImageObject","inLanguage":"en-GB","@id":"https:\/\/secure.gravatar.com\/avatar\/3081d103730ea7c45ae91dcd3a02929c235713597d81c96d22eb4183ba03854f?s=96&d=mm&r=g","url":"https:\/\/secure.gravatar.com\/avatar\/3081d103730ea7c45ae91dcd3a02929c235713597d81c96d22eb4183ba03854f?s=96&d=mm&r=g","contentUrl":"https:\/\/secure.gravatar.com\/avatar\/3081d103730ea7c45ae91dcd3a02929c235713597d81c96d22eb4183ba03854f?s=96&d=mm&r=g","caption":"Jenni Ollonqvist"},"url":"https:\/\/listafriikki.com\/en\/author\/jenni-ollonqvist\/"}]}},"jetpack_sharing_enabled":true,"amp_enabled":true,"jetpack_featured_media_url":"https:\/\/i0.wp.com\/listafriikki.com\/wp-content\/uploads\/2026\/09\/syksynlehdet.jpg?fit=1000%2C600&ssl=1","_links":{"self":[{"href":"https:\/\/listafriikki.com\/en\/wp-json\/wp\/v2\/posts\/33071","targetHints":{"allow":["GET"]}}],"collection":[{"href":"https:\/\/listafriikki.com\/en\/wp-json\/wp\/v2\/posts"}],"about":[{"href":"https:\/\/listafriikki.com\/en\/wp-json\/wp\/v2\/types\/post"}],"author":[{"embeddable":true,"href":"https:\/\/listafriikki.com\/en\/wp-json\/wp\/v2\/users\/2"}],"replies":[{"embeddable":true,"href":"https:\/\/listafriikki.com\/en\/wp-json\/wp\/v2\/comments?post=33071"}],"version-history":[{"count":4,"href":"https:\/\/listafriikki.com\/en\/wp-json\/wp\/v2\/posts\/33071\/revisions"}],"predecessor-version":[{"id":33076,"href":"https:\/\/listafriikki.com\/en\/wp-json\/wp\/v2\/posts\/33071\/revisions\/33076"}],"wp:featuredmedia":[{"embeddable":true,"href":"https:\/\/listafriikki.com\/en\/wp-json\/wp\/v2\/media\/33074"}],"wp:attachment":[{"href":"https:\/\/listafriikki.com\/en\/wp-json\/wp\/v2\/media?parent=33071"}],"wp:term":[{"taxonomy":"category","embeddable":true,"href":"https:\/\/listafriikki.com\/en\/wp-json\/wp\/v2\/categories?post=33071"},{"taxonomy":"post_tag","embeddable":true,"href":"https:\/\/listafriikki.com\/en\/wp-json\/wp\/v2\/tags?post=33071"}],"curies":[{"name":"wp","href":"https:\/\/api.w.org\/{rel}","templated":true}]}}